{"id":994,"date":"2023-03-06T07:56:26","date_gmt":"2023-03-06T07:56:26","guid":{"rendered":"https:\/\/asvi.at\/?p=994"},"modified":"2023-03-06T07:56:44","modified_gmt":"2023-03-06T07:56:44","slug":"tirol-radelt-2","status":"publish","type":"post","link":"https:\/\/asvi.at\/index.php\/2023\/03\/06\/tirol-radelt-2\/","title":{"rendered":"Tirol radelt &#8230;"},"content":{"rendered":"\n<p>&#8230; und der ASV Inzing radelt mit.<\/p>\n\n\n\n<p>Wir freuen uns \u00fcber zahlreiche Anmeldungen und viele Kilometer f\u00fcr unseren Verein.<\/p>\n\n\n\n<p>Anmeldung m\u00f6glich ab 20. M\u00e4rz 2023 unter <a href=\"https:\/\/tirol.radelt.at\/dashboard\/organisation\/signup\/10095\">tirol.radelt.at<\/a>. Anbei noch weiter Infos.<\/p>\n\n\n\n<div data-wp-interactive=\"core\/file\" class=\"wp-block-file\"><object data-wp-bind--hidden=\"!state.hasPdfPreview\" hidden class=\"wp-block-file__embed\" data=\"https:\/\/asvi.at\/wp-content\/uploads\/2023\/03\/Tirol-radelt.pdf\" type=\"application\/pdf\" style=\"width:100%;height:600px\" aria-label=\"Einbettung von Tirol-radelt.\"><\/object><a id=\"wp-block-file--media-194c3fce-5286-40ff-9715-99dd91135f26\" href=\"https:\/\/asvi.at\/wp-content\/uploads\/2023\/03\/Tirol-radelt.pdf\">Tirol-radelt<\/a><a href=\"https:\/\/asvi.at\/wp-content\/uploads\/2023\/03\/Tirol-radelt.pdf\" class=\"wp-block-file__button wp-element-button\" download aria-describedby=\"wp-block-file--media-194c3fce-5286-40ff-9715-99dd91135f26\">Herunterladen<\/a><\/div>\n","protected":false},"excerpt":{"rendered":"<p>&#8230; und der ASV Inzing radelt mit. Wir freuen uns \u00fcber zahlreiche Anmeldungen und viele Kilometer f\u00fcr unseren Verein. Anmeldung m\u00f6glich ab 20. M\u00e4rz 2023 unter tirol.radelt.at. Anbei noch weiter Infos.<\/p>\n","protected":false},"author":4,"featured_media":0,"comment_status":"open","ping_status":"closed","sticky":false,"template":"","format":"standard","meta":{"neve_meta_sidebar":"","neve_meta_container":"","neve_meta_enable_content_width":"","neve_meta_content_width":0,"neve_meta_title_alignment":"","neve_meta_author_avatar":"","neve_post_elements_order":"","neve_meta_disable_header":"","neve_meta_disable_footer":"","neve_meta_disable_title":"","footnotes":""},"categories":[4],"tags":[],"class_list":["post-994","post","type-post","status-publish","format-standard","hentry","category-rad"],"featured_image_urls":{"full":"","thumbnail":"","medium":"","medium_large":"","large":"","1536x1536":"","2048x2048":"","neve-blog":""},"post_excerpt_stackable":"<p>&#8230; und der ASV Inzing radelt mit. Wir freuen uns \u00fcber zahlreiche Anmeldungen und viele Kilometer f\u00fcr unseren Verein. Anmeldung m\u00f6glich ab 20. M\u00e4rz 2023 unter tirol.radelt.at. Anbei noch weiter Infos. Tirol-radeltHerunterladen<\/p>\n","category_list":"<a href=\"https:\/\/asvi.at\/index.php\/category\/rad\/\" rel=\"category tag\">Rad<\/a>","author_info":{"name":"Birgit","url":"https:\/\/asvi.at\/index.php\/author\/birgit\/"},"comments_num":"0 comments","jetpack_sharing_enabled":true,"jetpack_featured_media_url":"","_links":{"self":[{"href":"https:\/\/asvi.at\/index.php\/wp-json\/wp\/v2\/posts\/994","targetHints":{"allow":["GET"]}}],"collection":[{"href":"https:\/\/asvi.at\/index.php\/wp-json\/wp\/v2\/posts"}],"about":[{"href":"https:\/\/asvi.at\/index.php\/wp-json\/wp\/v2\/types\/post"}],"author":[{"embeddable":true,"href":"https:\/\/asvi.at\/index.php\/wp-json\/wp\/v2\/users\/4"}],"replies":[{"embeddable":true,"href":"https:\/\/asvi.at\/index.php\/wp-json\/wp\/v2\/comments?post=994"}],"version-history":[{"count":1,"href":"https:\/\/asvi.at\/index.php\/wp-json\/wp\/v2\/posts\/994\/revisions"}],"predecessor-version":[{"id":996,"href":"https:\/\/asvi.at\/index.php\/wp-json\/wp\/v2\/posts\/994\/revisions\/996"}],"wp:attachment":[{"href":"https:\/\/asvi.at\/index.php\/wp-json\/wp\/v2\/media?parent=994"}],"wp:term":[{"taxonomy":"category","embeddable":true,"href":"https:\/\/asvi.at\/index.php\/wp-json\/wp\/v2\/categories?post=994"},{"taxonomy":"post_tag","embeddable":true,"href":"https:\/\/asvi.at\/index.php\/wp-json\/wp\/v2\/tags?post=994"}],"curies":[{"name":"wp","href":"https:\/\/api.w.org\/{rel}","templated":true}]}}