{"id":398,"date":"2018-02-05T06:00:00","date_gmt":"2018-02-05T06:00:00","guid":{"rendered":"https:\/\/relaunch2022.asvi.at\/?p=398"},"modified":"2018-02-05T06:00:00","modified_gmt":"2018-02-05T06:00:00","slug":"kids-cup-04-02-2018-wub-halle-innsbruck","status":"publish","type":"post","link":"https:\/\/asvi.at\/index.php\/2018\/02\/05\/kids-cup-04-02-2018-wub-halle-innsbruck\/","title":{"rendered":"Kid`s Cup 04. 02. 2018 WUB Halle Innsbruck"},"content":{"rendered":"\n<p>Acht Jugendliche nahmen am gut besetzten Kid`s Cup in Innsbruck teil. F\u00fcr einige war es die Premiere, andere \u00fcberpr\u00fcften ihre Form f\u00fcr die Sommersaison.<\/p>\n\n\n\n<p>Die erfolgreichsten Teilnehmer waren: Walder Jakob 2. Platz Ballwurf, 3. Platz 60m und Weitsprung Schneider Lukas 2. Platz 60m und Weitsprung<\/p>\n","protected":false},"excerpt":{"rendered":"<p>Acht Jugendliche nahmen am gut besetzten Kid`s Cup in Innsbruck teil. F\u00fcr einige war es die Premiere, andere \u00fcberpr\u00fcften ihre Form f\u00fcr die Sommersaison. Die erfolgreichsten Teilnehmer waren: Walder Jakob 2. Platz Ballwurf, 3. Platz 60m und Weitsprung Schneider Lukas 2. Platz 60m und Weitsprung<\/p>\n","protected":false},"author":4,"featured_media":0,"comment_status":"closed","ping_status":"closed","sticky":false,"template":"","format":"standard","meta":{"neve_meta_sidebar":"","neve_meta_container":"","neve_meta_enable_content_width":"","neve_meta_content_width":0,"neve_meta_title_alignment":"","neve_meta_author_avatar":"","neve_post_elements_order":"","neve_meta_disable_header":"","neve_meta_disable_footer":"","neve_meta_disable_title":"","footnotes":""},"categories":[3],"tags":[],"class_list":["post-398","post","type-post","status-publish","format-standard","hentry","category-leichtathletik-gymnastik"],"featured_image_urls":{"full":"","thumbnail":"","medium":"","medium_large":"","large":"","1536x1536":"","2048x2048":"","neve-blog":""},"post_excerpt_stackable":"<p>Acht Jugendliche nahmen am gut besetzten Kid`s Cup in Innsbruck teil. F\u00fcr einige war es die Premiere, andere \u00fcberpr\u00fcften ihre Form f\u00fcr die Sommersaison. Die erfolgreichsten Teilnehmer waren: Walder Jakob 2. Platz Ballwurf, 3. Platz 60m und Weitsprung Schneider Lukas 2. Platz 60m und Weitsprung<\/p>\n","category_list":"<a href=\"https:\/\/asvi.at\/index.php\/category\/leichtathletik-gymnastik\/\" rel=\"category tag\">Leichtathletik &amp; Gymnastik<\/a>","author_info":{"name":"Birgit","url":"https:\/\/asvi.at\/index.php\/author\/birgit\/"},"comments_num":"0 comments","jetpack_sharing_enabled":true,"jetpack_featured_media_url":"","_links":{"self":[{"href":"https:\/\/asvi.at\/index.php\/wp-json\/wp\/v2\/posts\/398","targetHints":{"allow":["GET"]}}],"collection":[{"href":"https:\/\/asvi.at\/index.php\/wp-json\/wp\/v2\/posts"}],"about":[{"href":"https:\/\/asvi.at\/index.php\/wp-json\/wp\/v2\/types\/post"}],"author":[{"embeddable":true,"href":"https:\/\/asvi.at\/index.php\/wp-json\/wp\/v2\/users\/4"}],"replies":[{"embeddable":true,"href":"https:\/\/asvi.at\/index.php\/wp-json\/wp\/v2\/comments?post=398"}],"version-history":[{"count":0,"href":"https:\/\/asvi.at\/index.php\/wp-json\/wp\/v2\/posts\/398\/revisions"}],"wp:attachment":[{"href":"https:\/\/asvi.at\/index.php\/wp-json\/wp\/v2\/media?parent=398"}],"wp:term":[{"taxonomy":"category","embeddable":true,"href":"https:\/\/asvi.at\/index.php\/wp-json\/wp\/v2\/categories?post=398"},{"taxonomy":"post_tag","embeddable":true,"href":"https:\/\/asvi.at\/index.php\/wp-json\/wp\/v2\/tags?post=398"}],"curies":[{"name":"wp","href":"https:\/\/api.w.org\/{rel}","templated":true}]}}