{"id":1432,"date":"2025-11-07T14:16:24","date_gmt":"2025-11-07T14:16:24","guid":{"rendered":"https:\/\/asvi.at\/?p=1432"},"modified":"2025-11-27T06:11:49","modified_gmt":"2025-11-27T06:11:49","slug":"einladung-aufruf","status":"publish","type":"post","link":"https:\/\/asvi.at\/index.php\/2025\/11\/07\/einladung-aufruf\/","title":{"rendered":"Einladung &#8211; Aufruf"},"content":{"rendered":"\n<figure class=\"wp-block-table\"><table><tbody><tr><td>Liebe Vereinsmitglieder, <br>der ASVI l\u00e4dt euch herzlich zur <span style=\"color: var(--nv-c-1);\" class=\"stk-highlight\"><strong>Hauptversammlung<\/strong> am <strong>Donnerstag, 27. November 2025<\/strong> um <strong>19:30 Uhr im 10er-Saal in Inzing<\/strong><\/span> ein!\u00a0 <br><br>Unser Verein lebt von Menschen, die anpacken, mitgestalten und das Miteinander lieben. <br>Damit wir auch in Zukunft ein aktives Vereinsleben bieten k\u00f6nnen, brauchen wir euch! <br>-> Wir suchen dringend eine\/n<span style=\"color: #000000;\" class=\"stk-highlight\"> <\/span><strong><span style=\"color: var(--nv-c-1);\" class=\"stk-highlight\">Obmann\/Obfrau<\/span><\/strong> f\u00fcr den ASVI <br>-> und eine\/n<span style=\"color: var(--nv-c-1);\" class=\"stk-highlight\"> <strong>Kassier\/in<\/strong><\/span> f\u00fcr die Sektion Leichtathletik-Gymnastik <br><br>Ohne Obmann oder Obfrau kann unser Verein nicht bestehen, denn dieses Amt muss besetzt sein. <br>Das hei\u00dft: Jetzt ist der Moment, Verantwortung zu \u00fcbernehmen \u2013 damit der ASVI weiterleben kann!\u00a0 <br>Unsere drei Sektionen (Schi, Rad und Leichtathletik-Gymnastik) sind bereits in besten H\u00e4nden \u2013 mit engagierten Teams und einem tollen sportlichen Angebot f\u00fcr alle Altersgruppen. <br>Was uns jetzt fehlt, ist eine <strong><span style=\"color: var(--nv-c-1);\" class=\"stk-highlight\">Gesamtf\u00fchrung<\/span><\/strong>, die diese gro\u00dfartige Arbeit zusammenh\u00e4lt, koordiniert und den Verein nach au\u00dfen vertritt. <br><br>Hast du Freude am Vereinsleben? <br>Liebst du Sport, Gemeinschaft und Organisation? <br>Dann bist du genau richtig bei uns!\u00a0 <br>Als Teil unseres Teams kannst du Ideen einbringen, Verantwortung \u00fcbernehmen und das sportliche Leben in Inzing aktiv mitgestalten. <br>Und ganz wichtig \u2013 <span style=\"color: var(--nv-c-1);\" class=\"stk-highlight\"><strong>du bist nicht allein<\/strong>!<\/span><br>Wir sind ein herzliches, engagiertes Team, das zusammenh\u00e4lt und sich auf frischen Wind freut.\u00a0 <br><br>Interesse geweckt? <br><strong><span style=\"color: var(--nv-c-1);\" class=\"stk-highlight\">Melde dich bitte<\/span><\/strong> per Email unter <a href=\"mailto:allgemein@asvi.at\">allgemein@asvi.at<\/a> oder telefonisch bei Birgit unter 0664\/6272307.<br><br>Lass uns gemeinsam die Zukunft des ASVI gestalten! Wir freuen uns auf dich! <br>Dein Team vom ASV Inzing \u00a0 \u00a0<br><\/td><\/tr><\/tbody><\/table><\/figure>\n\n\n\n<div data-wp-interactive=\"core\/file\" class=\"wp-block-file\"><object data-wp-bind--hidden=\"!state.hasPdfPreview\" hidden class=\"wp-block-file__embed\" data=\"https:\/\/asvi.at\/wp-content\/uploads\/2025\/11\/Aushang-JHV-2025.pdf\" type=\"application\/pdf\" style=\"width:100%;height:600px\" aria-label=\"Einbettung von Aushang-JHV-2025.\"><\/object><a id=\"wp-block-file--media-4e8e5b14-9bc4-42c8-a04c-45d86d9556d5\" href=\"https:\/\/asvi.at\/wp-content\/uploads\/2025\/11\/Aushang-JHV-2025.pdf\">Aushang-JHV-2025<\/a><a href=\"https:\/\/asvi.at\/wp-content\/uploads\/2025\/11\/Aushang-JHV-2025.pdf\" class=\"wp-block-file__button wp-element-button\" download aria-describedby=\"wp-block-file--media-4e8e5b14-9bc4-42c8-a04c-45d86d9556d5\">Herunterladen<\/a><\/div>\n","protected":false},"excerpt":{"rendered":"<p>Liebe Vereinsmitglieder, der ASVI l\u00e4dt euch herzlich zur Hauptversammlung am Donnerstag, 27. November 2025 um 19:30 Uhr im 10er-Saal in Inzing ein!\u00a0 Unser Verein lebt von Menschen, die anpacken, mitgestalten und das Miteinander lieben. Damit wir auch in Zukunft ein aktives Vereinsleben bieten k\u00f6nnen, brauchen wir euch! -> Wir suchen dringend eine\/n Obmann\/Obfrau f\u00fcr den&hellip;&nbsp;<a href=\"https:\/\/asvi.at\/index.php\/2025\/11\/07\/einladung-aufruf\/\" class=\"\" rel=\"bookmark\">Weiterlesen &raquo;<span class=\"screen-reader-text\">Einladung &#8211; Aufruf<\/span><\/a><\/p>\n","protected":false},"author":4,"featured_media":0,"comment_status":"open","ping_status":"closed","sticky":false,"template":"","format":"standard","meta":{"neve_meta_sidebar":"","neve_meta_container":"","neve_meta_enable_content_width":"","neve_meta_content_width":0,"neve_meta_title_alignment":"","neve_meta_author_avatar":"","neve_post_elements_order":"","neve_meta_disable_header":"","neve_meta_disable_footer":"","neve_meta_disable_title":"","footnotes":""},"categories":[2,3,4,5],"tags":[],"class_list":["post-1432","post","type-post","status-publish","format-standard","hentry","category-allgemein","category-leichtathletik-gymnastik","category-rad","category-schi"],"featured_image_urls":{"full":"","thumbnail":"","medium":"","medium_large":"","large":"","1536x1536":"","2048x2048":"","neve-blog":""},"post_excerpt_stackable":"<p>Liebe Vereinsmitglieder, der ASVI l\u00e4dt euch herzlich zur Hauptversammlung am Donnerstag, 27. November 2025 um 19:30 Uhr im 10er-Saal in Inzing ein!\u00a0 Unser Verein lebt von Menschen, die anpacken, mitgestalten und das Miteinander lieben. Damit wir auch in Zukunft ein aktives Vereinsleben bieten k\u00f6nnen, brauchen wir euch! -> Wir suchen dringend eine\/n Obmann\/Obfrau f\u00fcr den ASVI -> und eine\/n Kassier\/in f\u00fcr die Sektion Leichtathletik-Gymnastik Ohne Obmann oder Obfrau kann unser Verein nicht bestehen, denn dieses Amt muss besetzt sein. Das hei\u00dft: Jetzt ist der Moment, Verantwortung zu \u00fcbernehmen \u2013 damit der ASVI weiterleben kann!\u00a0 Unsere drei Sektionen (Schi, Rad und&hellip;<\/p>\n","category_list":"<a href=\"https:\/\/asvi.at\/index.php\/category\/allgemein\/\" rel=\"category tag\">Allgemein<\/a>, <a href=\"https:\/\/asvi.at\/index.php\/category\/leichtathletik-gymnastik\/\" rel=\"category tag\">Leichtathletik &amp; Gymnastik<\/a>, <a href=\"https:\/\/asvi.at\/index.php\/category\/rad\/\" rel=\"category tag\">Rad<\/a>, <a href=\"https:\/\/asvi.at\/index.php\/category\/schi\/\" rel=\"category tag\">Schi<\/a>","author_info":{"name":"Birgit","url":"https:\/\/asvi.at\/index.php\/author\/birgit\/"},"comments_num":"0 comments","jetpack_sharing_enabled":true,"jetpack_featured_media_url":"","_links":{"self":[{"href":"https:\/\/asvi.at\/index.php\/wp-json\/wp\/v2\/posts\/1432","targetHints":{"allow":["GET"]}}],"collection":[{"href":"https:\/\/asvi.at\/index.php\/wp-json\/wp\/v2\/posts"}],"about":[{"href":"https:\/\/asvi.at\/index.php\/wp-json\/wp\/v2\/types\/post"}],"author":[{"embeddable":true,"href":"https:\/\/asvi.at\/index.php\/wp-json\/wp\/v2\/users\/4"}],"replies":[{"embeddable":true,"href":"https:\/\/asvi.at\/index.php\/wp-json\/wp\/v2\/comments?post=1432"}],"version-history":[{"count":2,"href":"https:\/\/asvi.at\/index.php\/wp-json\/wp\/v2\/posts\/1432\/revisions"}],"predecessor-version":[{"id":1438,"href":"https:\/\/asvi.at\/index.php\/wp-json\/wp\/v2\/posts\/1432\/revisions\/1438"}],"wp:attachment":[{"href":"https:\/\/asvi.at\/index.php\/wp-json\/wp\/v2\/media?parent=1432"}],"wp:term":[{"taxonomy":"category","embeddable":true,"href":"https:\/\/asvi.at\/index.php\/wp-json\/wp\/v2\/categories?post=1432"},{"taxonomy":"post_tag","embeddable":true,"href":"https:\/\/asvi.at\/index.php\/wp-json\/wp\/v2\/tags?post=1432"}],"curies":[{"name":"wp","href":"https:\/\/api.w.org\/{rel}","templated":true}]}}