{"id":1281,"date":"2025-03-29T07:28:18","date_gmt":"2025-03-29T07:28:18","guid":{"rendered":"https:\/\/asvi.at\/?p=1281"},"modified":"2025-03-29T07:28:20","modified_gmt":"2025-03-29T07:28:20","slug":"sektion-rad-2025","status":"publish","type":"post","link":"https:\/\/asvi.at\/index.php\/2025\/03\/29\/sektion-rad-2025\/","title":{"rendered":"Sektion Rad 2025"},"content":{"rendered":"\n<p>Liebe Radsportler,<\/p>\n\n\n\n<p>anbei findet ihr die geplanten Aktivit\u00e4ten der Sektion Rad f\u00fcr die Saison 2025.<\/p>\n\n\n\n<p>Wir freuen uns \u00fcber viele bekannte und auch neue Gesichter!<\/p>\n\n\n\n<div data-wp-interactive=\"core\/file\" class=\"wp-block-file\"><object data-wp-bind--hidden=\"!state.hasPdfPreview\" hidden class=\"wp-block-file__embed\" data=\"https:\/\/asvi.at\/wp-content\/uploads\/2025\/03\/Ausschreibung-2025.pdf\" type=\"application\/pdf\" style=\"width:100%;height:600px\" aria-label=\"Einbettung von Ausschreibung-2025.\"><\/object><a id=\"wp-block-file--media-b957fc23-2eae-4c95-9f1b-580e8003ac2a\" href=\"https:\/\/asvi.at\/wp-content\/uploads\/2025\/03\/Ausschreibung-2025.pdf\">Ausschreibung-2025<\/a><a href=\"https:\/\/asvi.at\/wp-content\/uploads\/2025\/03\/Ausschreibung-2025.pdf\" class=\"wp-block-file__button wp-element-button\" download aria-describedby=\"wp-block-file--media-b957fc23-2eae-4c95-9f1b-580e8003ac2a\">Herunterladen<\/a><\/div>\n","protected":false},"excerpt":{"rendered":"<p>Liebe Radsportler, anbei findet ihr die geplanten Aktivit\u00e4ten der Sektion Rad f\u00fcr die Saison 2025. Wir freuen uns \u00fcber viele bekannte und auch neue Gesichter!<\/p>\n","protected":false},"author":4,"featured_media":0,"comment_status":"open","ping_status":"closed","sticky":false,"template":"","format":"standard","meta":{"neve_meta_sidebar":"","neve_meta_container":"","neve_meta_enable_content_width":"","neve_meta_content_width":0,"neve_meta_title_alignment":"","neve_meta_author_avatar":"","neve_post_elements_order":"","neve_meta_disable_header":"","neve_meta_disable_footer":"","neve_meta_disable_title":"","footnotes":""},"categories":[2,4],"tags":[],"class_list":["post-1281","post","type-post","status-publish","format-standard","hentry","category-allgemein","category-rad"],"featured_image_urls":{"full":"","thumbnail":"","medium":"","medium_large":"","large":"","1536x1536":"","2048x2048":"","neve-blog":""},"post_excerpt_stackable":"<p>Liebe Radsportler, anbei findet ihr die geplanten Aktivit\u00e4ten der Sektion Rad f\u00fcr die Saison 2025. Wir freuen uns \u00fcber viele bekannte und auch neue Gesichter! Ausschreibung-2025Herunterladen<\/p>\n","category_list":"<a href=\"https:\/\/asvi.at\/index.php\/category\/allgemein\/\" rel=\"category tag\">Allgemein<\/a>, <a href=\"https:\/\/asvi.at\/index.php\/category\/rad\/\" rel=\"category tag\">Rad<\/a>","author_info":{"name":"Birgit","url":"https:\/\/asvi.at\/index.php\/author\/birgit\/"},"comments_num":"0 comments","jetpack_sharing_enabled":true,"jetpack_featured_media_url":"","_links":{"self":[{"href":"https:\/\/asvi.at\/index.php\/wp-json\/wp\/v2\/posts\/1281","targetHints":{"allow":["GET"]}}],"collection":[{"href":"https:\/\/asvi.at\/index.php\/wp-json\/wp\/v2\/posts"}],"about":[{"href":"https:\/\/asvi.at\/index.php\/wp-json\/wp\/v2\/types\/post"}],"author":[{"embeddable":true,"href":"https:\/\/asvi.at\/index.php\/wp-json\/wp\/v2\/users\/4"}],"replies":[{"embeddable":true,"href":"https:\/\/asvi.at\/index.php\/wp-json\/wp\/v2\/comments?post=1281"}],"version-history":[{"count":1,"href":"https:\/\/asvi.at\/index.php\/wp-json\/wp\/v2\/posts\/1281\/revisions"}],"predecessor-version":[{"id":1283,"href":"https:\/\/asvi.at\/index.php\/wp-json\/wp\/v2\/posts\/1281\/revisions\/1283"}],"wp:attachment":[{"href":"https:\/\/asvi.at\/index.php\/wp-json\/wp\/v2\/media?parent=1281"}],"wp:term":[{"taxonomy":"category","embeddable":true,"href":"https:\/\/asvi.at\/index.php\/wp-json\/wp\/v2\/categories?post=1281"},{"taxonomy":"post_tag","embeddable":true,"href":"https:\/\/asvi.at\/index.php\/wp-json\/wp\/v2\/tags?post=1281"}],"curies":[{"name":"wp","href":"https:\/\/api.w.org\/{rel}","templated":true}]}}