{"id":1272,"date":"2025-03-22T09:16:11","date_gmt":"2025-03-22T09:16:11","guid":{"rendered":"https:\/\/asvi.at\/?p=1272"},"modified":"2025-03-22T09:18:15","modified_gmt":"2025-03-22T09:18:15","slug":"tirol-radelt-und-wir-radeln-mit","status":"publish","type":"post","link":"https:\/\/asvi.at\/index.php\/2025\/03\/22\/tirol-radelt-und-wir-radeln-mit\/","title":{"rendered":"Tirol radelt und wir radeln mit"},"content":{"rendered":"\n<p><strong>&nbsp;Jetzt f\u00fcr den ASV Inzing bei \u201eTirol radelt\u201c 2025 mitradeln! \ud83d\udeb4\u200d\u2642\ufe0f<\/strong><\/p>\n\n\n\n<p>Der ASV Inzing ist auch dieses Jahr wieder als Veranstalter bei <strong>\u201eTirol radelt\u201c<\/strong>! mit dabei.<br>Vom <strong>20. M\u00e4rz bis 30. September 2025<\/strong> wollen wir uns gegenseitig zu mehr Bewegung in der frischen Luft motivieren. Bist du noch nicht bei \u201eTirol radelt\u201c mit dabei? Dann hol dir entweder die \u00d6sterreich radelt APP oder registriere dich auf tirol.radelt.at.\u00a0<\/p>\n\n\n\n<p><strong>Sei auch du dabei \u2013 so einfach geht\u2019s:<\/strong><\/p>\n\n\n\n<div class=\"wp-block-stackable-icon-list stk-block-icon-list stk-block stk-649e0a1\" data-block-id=\"649e0a1\"><ol class=\"stk-block-icon-list__ol stk-block-icon-list--column\">\n<li class=\"wp-block-stackable-icon-list-item stk-block-icon-list-item stk-block stk-578b219\" data-block-id=\"578b219\"><div class=\"stk-block-icon-list-item__content\"><span class=\"stk-block-icon-list-item__marker\" aria-hidden=\"true\"><\/span><span class=\"stk-block-icon-list-item__text\"><strong>Registriere dich<\/strong> unter <a href=\"https:\/\/tirol.radelt.at\/dashboard\/organisation\/signup\/10095\">Tirol radelt<\/a>, falls du noch kein \u201eTirol radelt\u201c-Profil hast, oder logge dich unter <a href=\"https:\/\/tirol.radelt.at\/dashboard\/organisation\/signup\/10095\">Tirol radelt<\/a> mit deinen bestehenden Daten ein, schon bist du beim ASV Inzing dabei!<\/span><\/div><\/li>\n\n\n\n<li class=\"wp-block-stackable-icon-list-item stk-block-icon-list-item stk-block stk-6cf5ea4\" data-block-id=\"6cf5ea4\"><div class=\"stk-block-icon-list-item__content\"><span class=\"stk-block-icon-list-item__marker\" aria-hidden=\"true\"><\/span><span class=\"stk-block-icon-list-item__text\">Lade dir die <strong>kostenlose \u201e\u00d6sterreich radelt\u201c-App<\/strong> herunter oder melde dich direkt am Computer unter <a href=\"https:\/\/www.radelt.at\/\">radelt.at<\/a> an.<\/span><\/div><\/li>\n<\/ol><\/div>\n\n\n\n<p>Jeder geradelte Tag z\u00e4hlt automatisch f\u00fcr <strong>unseren Verein<\/strong>.<\/p>\n\n\n\n<p>Mach mit und hilf uns, noch mehr Kilometer zu sammeln!<\/p>\n\n\n\n<p><strong>Radeln und Gewinnen \u2013 deine Motivation:<\/strong><\/p>\n\n\n\n<p>Es erwarten euch auch einige tolle Gewinnspiele: radelt.at\/gewinnen.<\/p>\n\n\n\n<p>Egal, ob du schon ein begeisterter Radler bist oder es dieses Jahr werden willst \u2013 sei bei der gr\u00f6\u00dften Radel-Challenge \u00d6sterreichs dabei! <strong>Jede Fahrt z\u00e4hlt<\/strong> und jede Radeltag bringt uns unserem Ziel n\u00e4her. Also, schnapp dir dein Fahrrad und mach mit! \ud83d\udcaa<\/p>\n\n\n\n<p>Viel Spa\u00df beim Radeln,<br>dein ASV Inzing<\/p>\n","protected":false},"excerpt":{"rendered":"<p>&nbsp;Jetzt f\u00fcr den ASV Inzing bei \u201eTirol radelt\u201c 2025 mitradeln! \ud83d\udeb4\u200d\u2642\ufe0f Der ASV Inzing ist auch dieses Jahr wieder als Veranstalter bei \u201eTirol radelt\u201c! mit dabei.Vom 20. M\u00e4rz bis 30. September 2025 wollen wir uns gegenseitig zu mehr Bewegung in der frischen Luft motivieren. Bist du noch nicht bei \u201eTirol radelt\u201c mit dabei? Dann hol&hellip;&nbsp;<a href=\"https:\/\/asvi.at\/index.php\/2025\/03\/22\/tirol-radelt-und-wir-radeln-mit\/\" class=\"\" rel=\"bookmark\">Weiterlesen &raquo;<span class=\"screen-reader-text\">Tirol radelt und wir radeln mit<\/span><\/a><\/p>\n","protected":false},"author":4,"featured_media":0,"comment_status":"closed","ping_status":"closed","sticky":false,"template":"","format":"standard","meta":{"neve_meta_sidebar":"","neve_meta_container":"","neve_meta_enable_content_width":"","neve_meta_content_width":0,"neve_meta_title_alignment":"","neve_meta_author_avatar":"","neve_post_elements_order":"","neve_meta_disable_header":"","neve_meta_disable_footer":"","neve_meta_disable_title":"","footnotes":""},"categories":[2,3,4,5],"tags":[],"class_list":["post-1272","post","type-post","status-publish","format-standard","hentry","category-allgemein","category-leichtathletik-gymnastik","category-rad","category-schi"],"featured_image_urls":{"full":"","thumbnail":"","medium":"","medium_large":"","large":"","1536x1536":"","2048x2048":"","neve-blog":""},"post_excerpt_stackable":"<p>&nbsp;Jetzt f\u00fcr den ASV Inzing bei \u201eTirol radelt\u201c 2025 mitradeln! \ud83d\udeb4\u200d\u2642\ufe0f Der ASV Inzing ist auch dieses Jahr wieder als Veranstalter bei \u201eTirol radelt\u201c! mit dabei.Vom 20. M\u00e4rz bis 30. September 2025 wollen wir uns gegenseitig zu mehr Bewegung in der frischen Luft motivieren. Bist du noch nicht bei \u201eTirol radelt\u201c mit dabei? Dann hol dir entweder die \u00d6sterreich radelt APP oder registriere dich auf tirol.radelt.at.\u00a0 Sei auch du dabei \u2013 so einfach geht\u2019s: Registriere dich unter Tirol radelt, falls du noch kein \u201eTirol radelt\u201c-Profil hast, oder logge dich unter Tirol radelt mit deinen bestehenden Daten ein, schon bist du&hellip;<\/p>\n","category_list":"<a href=\"https:\/\/asvi.at\/index.php\/category\/allgemein\/\" rel=\"category tag\">Allgemein<\/a>, <a href=\"https:\/\/asvi.at\/index.php\/category\/leichtathletik-gymnastik\/\" rel=\"category tag\">Leichtathletik &amp; Gymnastik<\/a>, <a href=\"https:\/\/asvi.at\/index.php\/category\/rad\/\" rel=\"category tag\">Rad<\/a>, <a href=\"https:\/\/asvi.at\/index.php\/category\/schi\/\" rel=\"category tag\">Schi<\/a>","author_info":{"name":"Birgit","url":"https:\/\/asvi.at\/index.php\/author\/birgit\/"},"comments_num":"0 comments","jetpack_sharing_enabled":true,"jetpack_featured_media_url":"","_links":{"self":[{"href":"https:\/\/asvi.at\/index.php\/wp-json\/wp\/v2\/posts\/1272","targetHints":{"allow":["GET"]}}],"collection":[{"href":"https:\/\/asvi.at\/index.php\/wp-json\/wp\/v2\/posts"}],"about":[{"href":"https:\/\/asvi.at\/index.php\/wp-json\/wp\/v2\/types\/post"}],"author":[{"embeddable":true,"href":"https:\/\/asvi.at\/index.php\/wp-json\/wp\/v2\/users\/4"}],"replies":[{"embeddable":true,"href":"https:\/\/asvi.at\/index.php\/wp-json\/wp\/v2\/comments?post=1272"}],"version-history":[{"count":1,"href":"https:\/\/asvi.at\/index.php\/wp-json\/wp\/v2\/posts\/1272\/revisions"}],"predecessor-version":[{"id":1275,"href":"https:\/\/asvi.at\/index.php\/wp-json\/wp\/v2\/posts\/1272\/revisions\/1275"}],"wp:attachment":[{"href":"https:\/\/asvi.at\/index.php\/wp-json\/wp\/v2\/media?parent=1272"}],"wp:term":[{"taxonomy":"category","embeddable":true,"href":"https:\/\/asvi.at\/index.php\/wp-json\/wp\/v2\/categories?post=1272"},{"taxonomy":"post_tag","embeddable":true,"href":"https:\/\/asvi.at\/index.php\/wp-json\/wp\/v2\/tags?post=1272"}],"curies":[{"name":"wp","href":"https:\/\/api.w.org\/{rel}","templated":true}]}}