{"id":1190,"date":"2025-01-06T10:52:34","date_gmt":"2025-01-06T10:52:34","guid":{"rendered":"https:\/\/asvi.at\/?p=1190"},"modified":"2025-03-22T09:21:14","modified_gmt":"2025-03-22T09:21:14","slug":"kinderschirennen-asvi-schi","status":"publish","type":"post","link":"https:\/\/asvi.at\/index.php\/2025\/01\/06\/kinderschirennen-asvi-schi\/","title":{"rendered":"Kinderschirennen ASVI Schi"},"content":{"rendered":"\n<p>Wir laden wieder alle Inzinger, Hattinger und Pollinger Kinder bis zum Jahrgang 2009 zu unserem Kinderschirennen<br>am Sonnenberglift in Gries im Sellrain herzlich ein! <br>Anmeldungen bis <strong>Dienstag, 15.1.2025 um 16.00 Uhr<\/strong> \u00fcber den Link: <a href=\"https:\/\/docs.google.com\/forms\/d\/e\/1FAIpQLSd9dL15vcVPLs5ZMVWCRwVw6fY-ZwoHnFtMOPKQLt8RO7pyRA\/viewform?usp=header\"><span style=\"color: #222222;background-color: var(--nv-c-1)\" class=\"stk-highlight\">Anmeldung ASVI Kinderschirennen<\/span><\/a><\/p>\n\n\n\n<blockquote class=\"wp-block-quote is-layout-flow wp-block-quote-is-layout-flow\">\n<p><strong>Ehrenschutz:<\/strong>\u00a0\u00a0\u00a0\u00a0\u00a0\u00a0\u00a0\u00a0 B\u00fcrgermeister Sch\u00f6pf Dietmar (Hatting)<br>                                B\u00fcrgermeister Mag. Walch Josef (Inzing)<br><strong>Bewerb:<\/strong>\u00a0\u00a0\u00a0\u00a0\u00a0\u00a0\u00a0\u00a0\u00a0\u00a0\u00a0\u00a0\u00a0\u00a0\u00a0\u00a0\u00a0 Riesentorlauf f\u00fcr Schifahrer, ca. 18 Tore<br><strong>Datum:<\/strong>\u00a0\u00a0\u00a0\u00a0\u00a0\u00a0\u00a0\u00a0\u00a0\u00a0\u00a0\u00a0\u00a0\u00a0\u00a0\u00a0\u00a0\u00a0\u00a0 <strong>Samstag, 18.1.2025<\/strong>\/ Einfahren:<strong> <\/strong>ca. 9:45 Uhr\/ <strong>Start:<\/strong>\u00a01<strong>0:30 Uhr<\/strong>\u00a0<br><strong>Preisverteilung:<\/strong>\u00a0    Jedes Kind bekommt einen Pokal und etwas S\u00fc\u00dfes! Die Preisverteilung findet gleich im Anschluss im Zielbereich statt<br><strong>Parken:<\/strong>\u00a0\u00a0\u00a0\u00a0\u00a0\u00a0\u00a0\u00a0\u00a0\u00a0\u00a0\u00a0\u00a0\u00a0\u00a0\u00a0\u00a0\u00a0 Parkplatz direkt beim Sonnenberglift &#8211; nicht am Gehsteig parken \u2013 wird gestraft &#8211; bitte Parkplatz bei der Gemeinde und der Volkschule nutzen<br><strong>Nenngeld:<\/strong>\u00a0\u00a0\u00a0\u00a0\u00a0\u00a0\u00a0\u00a0\u00a0\u00a0\u00a0\u00a0\u00a0 \u20ac 10,&#8211; pro Kind inkl. Liftbenutzung (vor Ort bei der Nummernausgabe)\u00a0\u00a0\u00a0\u00a0\u00a0<br><br><strong>Wertungen:<\/strong>\u00a0\u00a0\u00a0\u00a0\u00a0\u00a0\u00a0\u00a0\u00a0   <br>Bambini \u00a0\u00a0\u00a0\u00a0  2019\/20\u00a0\u00a0\u00a0\u00a0 \u00a0\u00a0\u00a0\u00a0 \u00a0\u00a0\u00a0\u00a0\u00a0\u00a0\u00a0\u00a0\u00a0\u00a0\u00a0\u00a0\u00a0\u00a0\u00a0\u00a0\u00a0\u00a0\u00a0    \u00a0\u00a0\u00a0\u00a0\u00a0\u00a0 weiblich und m\u00e4nnlich<br>Kinder I\u00a0\u00a0\u00a0\u00a0\u00a0  2017\/18\u00a0\u00a0\u00a0\u00a0 \u00a0\u00a0\u00a0\u00a0\u00a0\u00a0\u00a0\u00a0\u00a0\u00a0\u00a0\u00a0\u00a0\u00a0\u00a0\u00a0\u00a0\u00a0\u00a0\u00a0\u00a0\u00a0     \u00a0     \u00a0 weiblich und m\u00e4nnlich<br>Kinder II\u00a0\u00a0\u00a0\u00a0\u00a0 2015\/16\u00a0\u00a0\u00a0\u00a0 \u00a0\u00a0\u00a0\u00a0\u00a0\u00a0\u00a0\u00a0\u00a0\u00a0\u00a0\u00a0\u00a0\u00a0\u00a0\u00a0\u00a0\u00a0\u00a0\u00a0\u00a0\u00a0     \u00a0     \u00a0 weiblich und m\u00e4nnlich                         <br>Kinder III\u00a0\u00a0\u00a0\u00a0 2013\/14\u00a0\u00a0\u00a0\u00a0\u00a0\u00a0\u00a0\u00a0\u00a0\u00a0 \u00a0\u00a0\u00a0\u00a0\u00a0\u00a0\u00a0\u00a0\u00a0\u00a0\u00a0\u00a0\u00a0\u00a0\u00a0\u00a0\u00a0\u00a0\u00a0\u00a0\u00a0\u00a0\u00a0\u00a0\u00a0\u00a0\u00a0\u00a0 weiblich und m\u00e4nnlich                         <br>Sch\u00fcler I\u00a0\u00a0\u00a0\u00a0\u00a0 2011\/12\u00a0\u00a0\u00a0\u00a0\u00a0\u00a0\u00a0\u00a0\u00a0\u00a0 \u00a0\u00a0\u00a0\u00a0\u00a0\u00a0\u00a0\u00a0\u00a0\u00a0\u00a0\u00a0\u00a0\u00a0\u00a0\u00a0\u00a0\u00a0\u00a0\u00a0\u00a0\u00a0\u00a0\u00a0\u00a0\u00a0\u00a0\u00a0\u00a0weiblich und m\u00e4nnlich<br>Sch\u00fcler II\u00a0\u00a0\u00a0\u00a0 2009\/10\u00a0\u00a0\u00a0\u00a0\u00a0\u00a0\u00a0\u00a0\u00a0\u00a0 \u00a0\u00a0\u00a0\u00a0\u00a0\u00a0\u00a0\u00a0\u00a0\u00a0\u00a0\u00a0\u00a0\u00a0\u00a0\u00a0\u00a0\u00a0\u00a0\u00a0\u00a0\u00a0\u00a0\u00a0\u00a0\u00a0\u00a0\u00a0 weiblich und m\u00e4nnlich<br><br><strong>Preisverteilung:<\/strong>\u00a0\u00a0 Jedes Kind bekommt einen Pokal und etwas S\u00fc\u00dfes!<br>Die Preisverteilung findet gleich im Anschluss im Zielbereich statt und f\u00fcr Verpflegung ist wieder gesorgt!<\/p>\n<\/blockquote>\n\n\n\n<p>Wir freuen uns auf zahlreiche Anmeldungen!<br>Das Team des ASVI Sektion Schi<\/p>\n\n\n\n<p><\/p>\n","protected":false},"excerpt":{"rendered":"<p>Wir laden wieder alle Inzinger, Hattinger und Pollinger Kinder bis zum Jahrgang 2009 zu unserem Kinderschirennenam Sonnenberglift in Gries im Sellrain herzlich ein! Anmeldungen bis Dienstag, 15.1.2025 um 16.00 Uhr \u00fcber den Link: Anmeldung ASVI Kinderschirennen Ehrenschutz:\u00a0\u00a0\u00a0\u00a0\u00a0\u00a0\u00a0\u00a0 B\u00fcrgermeister Sch\u00f6pf Dietmar (Hatting) B\u00fcrgermeister Mag. Walch Josef (Inzing)Bewerb:\u00a0\u00a0\u00a0\u00a0\u00a0\u00a0\u00a0\u00a0\u00a0\u00a0\u00a0\u00a0\u00a0\u00a0\u00a0\u00a0\u00a0 Riesentorlauf f\u00fcr Schifahrer, ca. 18 ToreDatum:\u00a0\u00a0\u00a0\u00a0\u00a0\u00a0\u00a0\u00a0\u00a0\u00a0\u00a0\u00a0\u00a0\u00a0\u00a0\u00a0\u00a0\u00a0\u00a0 Samstag, 18.1.2025\/ Einfahren:&hellip;&nbsp;<a href=\"https:\/\/asvi.at\/index.php\/2025\/01\/06\/kinderschirennen-asvi-schi\/\" class=\"\" rel=\"bookmark\">Weiterlesen &raquo;<span class=\"screen-reader-text\">Kinderschirennen ASVI Schi<\/span><\/a><\/p>\n","protected":false},"author":2,"featured_media":1193,"comment_status":"open","ping_status":"closed","sticky":false,"template":"","format":"standard","meta":{"neve_meta_sidebar":"","neve_meta_container":"","neve_meta_enable_content_width":"","neve_meta_content_width":0,"neve_meta_title_alignment":"","neve_meta_author_avatar":"","neve_post_elements_order":"[\"content\",\"tags\",\"post-navigation\"]","neve_meta_disable_header":"","neve_meta_disable_footer":"","neve_meta_disable_title":"","footnotes":""},"categories":[2,5],"tags":[],"class_list":["post-1190","post","type-post","status-publish","format-standard","has-post-thumbnail","hentry","category-allgemein","category-schi"],"featured_image_urls":{"full":["https:\/\/asvi.at\/wp-content\/uploads\/2025\/01\/Cartoon-breirt.jpg",2228,511,false],"thumbnail":["https:\/\/asvi.at\/wp-content\/uploads\/2025\/01\/Cartoon-breirt-150x150.jpg",150,150,true],"medium":["https:\/\/asvi.at\/wp-content\/uploads\/2025\/01\/Cartoon-breirt-300x69.jpg",300,69,true],"medium_large":["https:\/\/asvi.at\/wp-content\/uploads\/2025\/01\/Cartoon-breirt-768x176.jpg",768,176,true],"large":["https:\/\/asvi.at\/wp-content\/uploads\/2025\/01\/Cartoon-breirt-1024x235.jpg",1024,235,true],"1536x1536":["https:\/\/asvi.at\/wp-content\/uploads\/2025\/01\/Cartoon-breirt-1536x352.jpg",1536,352,true],"2048x2048":["https:\/\/asvi.at\/wp-content\/uploads\/2025\/01\/Cartoon-breirt-2048x470.jpg",2048,470,true],"neve-blog":["https:\/\/asvi.at\/wp-content\/uploads\/2025\/01\/Cartoon-breirt-930x511.jpg",930,511,true]},"post_excerpt_stackable":"<p>Wir laden wieder alle Inzinger, Hattinger und Pollinger Kinder bis zum Jahrgang 2009 zu unserem Kinderschirennenam Sonnenberglift in Gries im Sellrain herzlich ein! Anmeldungen bis Dienstag, 15.1.2025 um 16.00 Uhr \u00fcber den Link: Anmeldung ASVI Kinderschirennen Ehrenschutz:\u00a0\u00a0\u00a0\u00a0\u00a0\u00a0\u00a0\u00a0 B\u00fcrgermeister Sch\u00f6pf Dietmar (Hatting) B\u00fcrgermeister Mag. Walch Josef (Inzing)Bewerb:\u00a0\u00a0\u00a0\u00a0\u00a0\u00a0\u00a0\u00a0\u00a0\u00a0\u00a0\u00a0\u00a0\u00a0\u00a0\u00a0\u00a0 Riesentorlauf f\u00fcr Schifahrer, ca. 18 ToreDatum:\u00a0\u00a0\u00a0\u00a0\u00a0\u00a0\u00a0\u00a0\u00a0\u00a0\u00a0\u00a0\u00a0\u00a0\u00a0\u00a0\u00a0\u00a0\u00a0 Samstag, 18.1.2025\/ Einfahren: ca. 9:45 Uhr\/ Start:\u00a010:30 Uhr\u00a0Preisverteilung:\u00a0 Jedes Kind bekommt einen Pokal und etwas S\u00fc\u00dfes! Die Preisverteilung findet gleich im Anschluss im Zielbereich stattParken:\u00a0\u00a0\u00a0\u00a0\u00a0\u00a0\u00a0\u00a0\u00a0\u00a0\u00a0\u00a0\u00a0\u00a0\u00a0\u00a0\u00a0\u00a0 Parkplatz direkt beim Sonnenberglift &#8211; nicht am Gehsteig parken \u2013 wird gestraft &#8211; bitte Parkplatz bei der Gemeinde und der Volkschule nutzenNenngeld:\u00a0\u00a0\u00a0\u00a0\u00a0\u00a0\u00a0\u00a0\u00a0\u00a0\u00a0\u00a0\u00a0 \u20ac&hellip;<\/p>\n","category_list":"<a href=\"https:\/\/asvi.at\/index.php\/category\/allgemein\/\" rel=\"category tag\">Allgemein<\/a>, <a href=\"https:\/\/asvi.at\/index.php\/category\/schi\/\" rel=\"category tag\">Schi<\/a>","author_info":{"name":"Manfred","url":"https:\/\/asvi.at\/index.php\/author\/manfred\/"},"comments_num":"0 comments","jetpack_sharing_enabled":true,"jetpack_featured_media_url":"https:\/\/asvi.at\/wp-content\/uploads\/2025\/01\/Cartoon-breirt.jpg","_links":{"self":[{"href":"https:\/\/asvi.at\/index.php\/wp-json\/wp\/v2\/posts\/1190","targetHints":{"allow":["GET"]}}],"collection":[{"href":"https:\/\/asvi.at\/index.php\/wp-json\/wp\/v2\/posts"}],"about":[{"href":"https:\/\/asvi.at\/index.php\/wp-json\/wp\/v2\/types\/post"}],"author":[{"embeddable":true,"href":"https:\/\/asvi.at\/index.php\/wp-json\/wp\/v2\/users\/2"}],"replies":[{"embeddable":true,"href":"https:\/\/asvi.at\/index.php\/wp-json\/wp\/v2\/comments?post=1190"}],"version-history":[{"count":19,"href":"https:\/\/asvi.at\/index.php\/wp-json\/wp\/v2\/posts\/1190\/revisions"}],"predecessor-version":[{"id":1226,"href":"https:\/\/asvi.at\/index.php\/wp-json\/wp\/v2\/posts\/1190\/revisions\/1226"}],"wp:featuredmedia":[{"embeddable":true,"href":"https:\/\/asvi.at\/index.php\/wp-json\/wp\/v2\/media\/1193"}],"wp:attachment":[{"href":"https:\/\/asvi.at\/index.php\/wp-json\/wp\/v2\/media?parent=1190"}],"wp:term":[{"taxonomy":"category","embeddable":true,"href":"https:\/\/asvi.at\/index.php\/wp-json\/wp\/v2\/categories?post=1190"},{"taxonomy":"post_tag","embeddable":true,"href":"https:\/\/asvi.at\/index.php\/wp-json\/wp\/v2\/tags?post=1190"}],"curies":[{"name":"wp","href":"https:\/\/api.w.org\/{rel}","templated":true}]}}