{"id":1140,"date":"2024-10-29T18:12:24","date_gmt":"2024-10-29T18:12:24","guid":{"rendered":"https:\/\/asvi.at\/?p=1140"},"modified":"2024-10-29T18:12:26","modified_gmt":"2024-10-29T18:12:26","slug":"verleihung-ehrenmitgliedschaft","status":"publish","type":"post","link":"https:\/\/asvi.at\/index.php\/2024\/10\/29\/verleihung-ehrenmitgliedschaft\/","title":{"rendered":"Verleihung Ehrenmitgliedschaft"},"content":{"rendered":"\n<p>Im vollen 10er-Saal durften wir am Samstag, den 26. Oktober 2024, unserem <strong><span style=\"color: #f34957;\" class=\"stk-highlight\">Heinz Walcher<\/span><\/strong> f\u00fcr sein jahrzehntelanges Engagement die <strong>Ehrenmitgliedschaft <\/strong>verleihen.<\/p>\n\n\n\n<p>Die zuvor abgehaltene Hauptversammlung hat diese Ehrung einstimmig beschlossen.<\/p>\n\n\n\n<p>Mit gro\u00dfer Dankbarkeit haben alle Ehrenzeichentr\u00e4ger des ASVI und B\u00fcrgermeister Sepp Walch Heinz zu seiner Auszeichnung gratuliert.<\/p>\n\n\n\n<p>Ebenso durfte Heinz vom <strong>ASV\u00d6 Tirol das goldene Ehrenzeichen<\/strong> in Empfang nehmen.<\/p>\n\n\n\n<p>Gemeinsam mit seiner Familie, ehemaligen Funktion\u00e4ren und Sportlern haben wir Heinz gefeiert.<\/p>\n\n\n\n<p>Unser Dank gilt allen, die zur Durchf\u00fchrung der Ehrung beigetragen haben und den Abend dadurch besonders gemacht haben.<\/p>\n\n\n\n<figure class=\"wp-block-image size-large\"><img loading=\"lazy\" decoding=\"async\" width=\"1024\" height=\"653\" src=\"https:\/\/asvi.at\/wp-content\/uploads\/2024\/10\/Bild-1-fuer-Bericht-1024x653.jpg\" alt=\"\" class=\"wp-image-1144\" srcset=\"https:\/\/asvi.at\/wp-content\/uploads\/2024\/10\/Bild-1-fuer-Bericht-1024x653.jpg 1024w, https:\/\/asvi.at\/wp-content\/uploads\/2024\/10\/Bild-1-fuer-Bericht-300x191.jpg 300w, https:\/\/asvi.at\/wp-content\/uploads\/2024\/10\/Bild-1-fuer-Bericht-768x490.jpg 768w, https:\/\/asvi.at\/wp-content\/uploads\/2024\/10\/Bild-1-fuer-Bericht-1536x980.jpg 1536w, https:\/\/asvi.at\/wp-content\/uploads\/2024\/10\/Bild-1-fuer-Bericht-2048x1306.jpg 2048w\" sizes=\"auto, (max-width: 1024px) 100vw, 1024px\" \/><\/figure>\n\n\n\n<figure class=\"wp-block-image size-large\"><img loading=\"lazy\" decoding=\"async\" width=\"781\" height=\"1024\" src=\"https:\/\/asvi.at\/wp-content\/uploads\/2024\/10\/Bild-2-fuer-Bericht-781x1024.jpg\" alt=\"\" class=\"wp-image-1145\" srcset=\"https:\/\/asvi.at\/wp-content\/uploads\/2024\/10\/Bild-2-fuer-Bericht-781x1024.jpg 781w, https:\/\/asvi.at\/wp-content\/uploads\/2024\/10\/Bild-2-fuer-Bericht-229x300.jpg 229w, https:\/\/asvi.at\/wp-content\/uploads\/2024\/10\/Bild-2-fuer-Bericht-768x1007.jpg 768w, https:\/\/asvi.at\/wp-content\/uploads\/2024\/10\/Bild-2-fuer-Bericht-1172x1536.jpg 1172w, https:\/\/asvi.at\/wp-content\/uploads\/2024\/10\/Bild-2-fuer-Bericht-1562x2048.jpg 1562w, https:\/\/asvi.at\/wp-content\/uploads\/2024\/10\/Bild-2-fuer-Bericht-scaled.jpg 1953w\" sizes=\"auto, (max-width: 781px) 100vw, 781px\" \/><\/figure>\n\n\n\n<figure class=\"wp-block-image size-large\"><img loading=\"lazy\" decoding=\"async\" width=\"1024\" height=\"683\" src=\"https:\/\/asvi.at\/wp-content\/uploads\/2024\/10\/DSC07015-1024x683.jpg\" alt=\"\" class=\"wp-image-1143\" srcset=\"https:\/\/asvi.at\/wp-content\/uploads\/2024\/10\/DSC07015-1024x683.jpg 1024w, https:\/\/asvi.at\/wp-content\/uploads\/2024\/10\/DSC07015-300x200.jpg 300w, https:\/\/asvi.at\/wp-content\/uploads\/2024\/10\/DSC07015-768x512.jpg 768w, https:\/\/asvi.at\/wp-content\/uploads\/2024\/10\/DSC07015-1536x1024.jpg 1536w, https:\/\/asvi.at\/wp-content\/uploads\/2024\/10\/DSC07015-2048x1365.jpg 2048w, https:\/\/asvi.at\/wp-content\/uploads\/2024\/10\/DSC07015-930x620.jpg 930w\" sizes=\"auto, (max-width: 1024px) 100vw, 1024px\" \/><\/figure>\n","protected":false},"excerpt":{"rendered":"<p>Im vollen 10er-Saal durften wir am Samstag, den 26. Oktober 2024, unserem Heinz Walcher f\u00fcr sein jahrzehntelanges Engagement die Ehrenmitgliedschaft verleihen. Die zuvor abgehaltene Hauptversammlung hat diese Ehrung einstimmig beschlossen. Mit gro\u00dfer Dankbarkeit haben alle Ehrenzeichentr\u00e4ger des ASVI und B\u00fcrgermeister Sepp Walch Heinz zu seiner Auszeichnung gratuliert. Ebenso durfte Heinz vom ASV\u00d6 Tirol das goldene&hellip;&nbsp;<a href=\"https:\/\/asvi.at\/index.php\/2024\/10\/29\/verleihung-ehrenmitgliedschaft\/\" class=\"\" rel=\"bookmark\">Weiterlesen &raquo;<span class=\"screen-reader-text\">Verleihung Ehrenmitgliedschaft<\/span><\/a><\/p>\n","protected":false},"author":4,"featured_media":0,"comment_status":"open","ping_status":"closed","sticky":false,"template":"","format":"standard","meta":{"neve_meta_sidebar":"","neve_meta_container":"","neve_meta_enable_content_width":"","neve_meta_content_width":0,"neve_meta_title_alignment":"","neve_meta_author_avatar":"","neve_post_elements_order":"","neve_meta_disable_header":"","neve_meta_disable_footer":"","neve_meta_disable_title":"","footnotes":""},"categories":[2,3,4,5],"tags":[],"class_list":["post-1140","post","type-post","status-publish","format-standard","hentry","category-allgemein","category-leichtathletik-gymnastik","category-rad","category-schi"],"featured_image_urls":{"full":"","thumbnail":"","medium":"","medium_large":"","large":"","1536x1536":"","2048x2048":"","neve-blog":""},"post_excerpt_stackable":"<p>Im vollen 10er-Saal durften wir am Samstag, den 26. Oktober 2024, unserem Heinz Walcher f\u00fcr sein jahrzehntelanges Engagement die Ehrenmitgliedschaft verleihen. Die zuvor abgehaltene Hauptversammlung hat diese Ehrung einstimmig beschlossen. Mit gro\u00dfer Dankbarkeit haben alle Ehrenzeichentr\u00e4ger des ASVI und B\u00fcrgermeister Sepp Walch Heinz zu seiner Auszeichnung gratuliert. Ebenso durfte Heinz vom ASV\u00d6 Tirol das goldene Ehrenzeichen in Empfang nehmen. Gemeinsam mit seiner Familie, ehemaligen Funktion\u00e4ren und Sportlern haben wir Heinz gefeiert. Unser Dank gilt allen, die zur Durchf\u00fchrung der Ehrung beigetragen haben und den Abend dadurch besonders gemacht haben.<\/p>\n","category_list":"<a href=\"https:\/\/asvi.at\/index.php\/category\/allgemein\/\" rel=\"category tag\">Allgemein<\/a>, <a href=\"https:\/\/asvi.at\/index.php\/category\/leichtathletik-gymnastik\/\" rel=\"category tag\">Leichtathletik &amp; Gymnastik<\/a>, <a href=\"https:\/\/asvi.at\/index.php\/category\/rad\/\" rel=\"category tag\">Rad<\/a>, <a href=\"https:\/\/asvi.at\/index.php\/category\/schi\/\" rel=\"category tag\">Schi<\/a>","author_info":{"name":"Birgit","url":"https:\/\/asvi.at\/index.php\/author\/birgit\/"},"comments_num":"0 comments","jetpack_sharing_enabled":true,"jetpack_featured_media_url":"","_links":{"self":[{"href":"https:\/\/asvi.at\/index.php\/wp-json\/wp\/v2\/posts\/1140","targetHints":{"allow":["GET"]}}],"collection":[{"href":"https:\/\/asvi.at\/index.php\/wp-json\/wp\/v2\/posts"}],"about":[{"href":"https:\/\/asvi.at\/index.php\/wp-json\/wp\/v2\/types\/post"}],"author":[{"embeddable":true,"href":"https:\/\/asvi.at\/index.php\/wp-json\/wp\/v2\/users\/4"}],"replies":[{"embeddable":true,"href":"https:\/\/asvi.at\/index.php\/wp-json\/wp\/v2\/comments?post=1140"}],"version-history":[{"count":2,"href":"https:\/\/asvi.at\/index.php\/wp-json\/wp\/v2\/posts\/1140\/revisions"}],"predecessor-version":[{"id":1147,"href":"https:\/\/asvi.at\/index.php\/wp-json\/wp\/v2\/posts\/1140\/revisions\/1147"}],"wp:attachment":[{"href":"https:\/\/asvi.at\/index.php\/wp-json\/wp\/v2\/media?parent=1140"}],"wp:term":[{"taxonomy":"category","embeddable":true,"href":"https:\/\/asvi.at\/index.php\/wp-json\/wp\/v2\/categories?post=1140"},{"taxonomy":"post_tag","embeddable":true,"href":"https:\/\/asvi.at\/index.php\/wp-json\/wp\/v2\/tags?post=1140"}],"curies":[{"name":"wp","href":"https:\/\/api.w.org\/{rel}","templated":true}]}}