{"id":1055,"date":"2024-02-04T08:13:34","date_gmt":"2024-02-04T08:13:34","guid":{"rendered":"https:\/\/asvi.at\/?p=1055"},"modified":"2024-02-04T08:38:49","modified_gmt":"2024-02-04T08:38:49","slug":"asvi-kinderschirennen-3-2-2024","status":"publish","type":"post","link":"https:\/\/asvi.at\/index.php\/2024\/02\/04\/asvi-kinderschirennen-3-2-2024\/","title":{"rendered":"ASVI Kinderschirennen 3.2.2024"},"content":{"rendered":"\n<p>In Gries hat sich die heuer sehr harte Piste bei gutem Wetter pr\u00e4sentiert und das Rennen, mit insgesamt 48 angemeldeten Startern, <br>war wieder ein tolles Event f\u00fcr die Rennl\u00e4ufer und Zuschauer! <\/p>\n\n\n\n<div class=\"wp-block-group\"><div class=\"wp-block-group__inner-container is-layout-constrained wp-block-group-is-layout-constrained\"><div class=\"wp-block-image is-style-rectangular\">\n<figure class=\"alignleft is-resized\"><img loading=\"lazy\" decoding=\"async\" width=\"1024\" height=\"521\" src=\"https:\/\/asvi.at\/wp-content\/uploads\/2024\/02\/Gruppenfoto-1-1024x521.jpg\" alt=\"\" class=\"wp-image-1059\" style=\"width:281px;height:auto\" srcset=\"https:\/\/asvi.at\/wp-content\/uploads\/2024\/02\/Gruppenfoto-1-1024x521.jpg 1024w, https:\/\/asvi.at\/wp-content\/uploads\/2024\/02\/Gruppenfoto-1-300x153.jpg 300w, https:\/\/asvi.at\/wp-content\/uploads\/2024\/02\/Gruppenfoto-1-768x391.jpg 768w, https:\/\/asvi.at\/wp-content\/uploads\/2024\/02\/Gruppenfoto-1-1536x782.jpg 1536w, https:\/\/asvi.at\/wp-content\/uploads\/2024\/02\/Gruppenfoto-1.jpg 2048w\" sizes=\"auto, (max-width: 1024px) 100vw, 1024px\" \/><\/figure>\n<\/div><\/div><\/div>\n\n\n\n<p><br>Die Kinder haben alles gegeben und dem Publikum &#8211; auf dem von Bernhard Kircher f\u00fcr die Kinder angepassten Kurs &#8211; tolle L\u00e4ufe gezeigt! Auch der gesellige Teil ist bei einem gutem Paar W\u00fcrstel und Tee nicht zu kurz gekommen! <\/p>\n\n\n\n<div class=\"wp-block-group\"><div class=\"wp-block-group__inner-container is-layout-constrained wp-block-group-is-layout-constrained\"><div class=\"wp-block-image is-style-rectangular\">\n<figure class=\"alignleft is-resized\"><img loading=\"lazy\" decoding=\"async\" width=\"1024\" height=\"457\" src=\"https:\/\/asvi.at\/wp-content\/uploads\/2024\/02\/Gruppe-2-1024x457.jpg\" alt=\"\" class=\"wp-image-1060\" style=\"width:305px;height:auto\" srcset=\"https:\/\/asvi.at\/wp-content\/uploads\/2024\/02\/Gruppe-2-1024x457.jpg 1024w, https:\/\/asvi.at\/wp-content\/uploads\/2024\/02\/Gruppe-2-300x134.jpg 300w, https:\/\/asvi.at\/wp-content\/uploads\/2024\/02\/Gruppe-2-768x343.jpg 768w, https:\/\/asvi.at\/wp-content\/uploads\/2024\/02\/Gruppe-2-1536x686.jpg 1536w, https:\/\/asvi.at\/wp-content\/uploads\/2024\/02\/Gruppe-2.jpg 2048w\" sizes=\"auto, (max-width: 1024px) 100vw, 1024px\" \/><\/figure>\n<\/div><\/div><\/div>\n\n\n\n<p><br><strong>Wir gratulieren allen Rennl\u00e4uferinnen und Rennl\u00e4ufern zu den tollen Erfolgen!<\/strong> Ganz besonders gratulieren wir unserer <br>Tagesiegerin weiblich <strong>Anna H\u00f6rtnagl<\/strong> mit einer Zeit von 41,97 und dem <br>Tagessieger m\u00e4nnlich <strong>Leo Fraccaro<\/strong> mit einer Zeit von 43,03!<\/p>\n\n\n\n<p><br>Vieln Dank unserem Ehrenschutz mit BM aus Inzing Josef Walch, BM aus Hatting Dietmar Sch\u00f6pf und der Abgeordneten zum Nationalrat Rebecca Kirchbaumer!<\/p>\n\n\n\n<p><strong>Offizielle Ergebnisliste:<\/strong><\/p>\n\n\n\n<div data-wp-interactive=\"core\/file\" class=\"wp-block-file\"><object data-wp-bind--hidden=\"!state.hasPdfPreview\" hidden class=\"wp-block-file__embed\" data=\"https:\/\/asvi.at\/wp-content\/uploads\/2024\/02\/Offizielle-Ergebnisliste-030224.pdf\" type=\"application\/pdf\" style=\"width:100%;height:360px\" aria-label=\"Einbettung von Offizielle-Ergebnisliste-030224.\"><\/object><a id=\"wp-block-file--media-2621dbfc-71cc-4370-bf04-e0d8a0c9da32\" href=\"https:\/\/asvi.at\/wp-content\/uploads\/2024\/02\/Offizielle-Ergebnisliste-030224.pdf\">Offizielle-Ergebnisliste-030224<\/a><a href=\"https:\/\/asvi.at\/wp-content\/uploads\/2024\/02\/Offizielle-Ergebnisliste-030224.pdf\" class=\"wp-block-file__button wp-element-button\" download aria-describedby=\"wp-block-file--media-2621dbfc-71cc-4370-bf04-e0d8a0c9da32\">Herunterladen<\/a><\/div>\n","protected":false},"excerpt":{"rendered":"<p>In Gries hat sich die heuer sehr harte Piste bei gutem Wetter pr\u00e4sentiert und das Rennen, mit insgesamt 48 angemeldeten Startern, war wieder ein tolles Event f\u00fcr die Rennl\u00e4ufer und Zuschauer! Die Kinder haben alles gegeben und dem Publikum &#8211; auf dem von Bernhard Kircher f\u00fcr die Kinder angepassten Kurs &#8211; tolle L\u00e4ufe gezeigt! Auch&hellip;&nbsp;<a href=\"https:\/\/asvi.at\/index.php\/2024\/02\/04\/asvi-kinderschirennen-3-2-2024\/\" class=\"\" rel=\"bookmark\">Weiterlesen &raquo;<span class=\"screen-reader-text\">ASVI Kinderschirennen 3.2.2024<\/span><\/a><\/p>\n","protected":false},"author":2,"featured_media":0,"comment_status":"open","ping_status":"closed","sticky":false,"template":"","format":"standard","meta":{"neve_meta_sidebar":"","neve_meta_container":"","neve_meta_enable_content_width":"","neve_meta_content_width":0,"neve_meta_title_alignment":"","neve_meta_author_avatar":"","neve_post_elements_order":"","neve_meta_disable_header":"","neve_meta_disable_footer":"","neve_meta_disable_title":"","footnotes":""},"categories":[5],"tags":[],"class_list":["post-1055","post","type-post","status-publish","format-standard","hentry","category-schi"],"featured_image_urls":{"full":"","thumbnail":"","medium":"","medium_large":"","large":"","1536x1536":"","2048x2048":"","neve-blog":""},"post_excerpt_stackable":"<p>In Gries hat sich die heuer sehr harte Piste bei gutem Wetter pr\u00e4sentiert und das Rennen, mit insgesamt 48 angemeldeten Startern, war wieder ein tolles Event f\u00fcr die Rennl\u00e4ufer und Zuschauer! Die Kinder haben alles gegeben und dem Publikum &#8211; auf dem von Bernhard Kircher f\u00fcr die Kinder angepassten Kurs &#8211; tolle L\u00e4ufe gezeigt! Auch der gesellige Teil ist bei einem gutem Paar W\u00fcrstel und Tee nicht zu kurz gekommen! Wir gratulieren allen Rennl\u00e4uferinnen und Rennl\u00e4ufern zu den tollen Erfolgen! Ganz besonders gratulieren wir unserer Tagesiegerin weiblich Anna H\u00f6rtnagl mit einer Zeit von 41,97 und dem Tagessieger m\u00e4nnlich Leo Fraccaro&hellip;<\/p>\n","category_list":"<a href=\"https:\/\/asvi.at\/index.php\/category\/schi\/\" rel=\"category tag\">Schi<\/a>","author_info":{"name":"Manfred","url":"https:\/\/asvi.at\/index.php\/author\/manfred\/"},"comments_num":"0 comments","jetpack_sharing_enabled":true,"jetpack_featured_media_url":"","_links":{"self":[{"href":"https:\/\/asvi.at\/index.php\/wp-json\/wp\/v2\/posts\/1055","targetHints":{"allow":["GET"]}}],"collection":[{"href":"https:\/\/asvi.at\/index.php\/wp-json\/wp\/v2\/posts"}],"about":[{"href":"https:\/\/asvi.at\/index.php\/wp-json\/wp\/v2\/types\/post"}],"author":[{"embeddable":true,"href":"https:\/\/asvi.at\/index.php\/wp-json\/wp\/v2\/users\/2"}],"replies":[{"embeddable":true,"href":"https:\/\/asvi.at\/index.php\/wp-json\/wp\/v2\/comments?post=1055"}],"version-history":[{"count":7,"href":"https:\/\/asvi.at\/index.php\/wp-json\/wp\/v2\/posts\/1055\/revisions"}],"predecessor-version":[{"id":1071,"href":"https:\/\/asvi.at\/index.php\/wp-json\/wp\/v2\/posts\/1055\/revisions\/1071"}],"wp:attachment":[{"href":"https:\/\/asvi.at\/index.php\/wp-json\/wp\/v2\/media?parent=1055"}],"wp:term":[{"taxonomy":"category","embeddable":true,"href":"https:\/\/asvi.at\/index.php\/wp-json\/wp\/v2\/categories?post=1055"},{"taxonomy":"post_tag","embeddable":true,"href":"https:\/\/asvi.at\/index.php\/wp-json\/wp\/v2\/tags?post=1055"}],"curies":[{"name":"wp","href":"https:\/\/api.w.org\/{rel}","templated":true}]}}