{"id":1017,"date":"2023-11-26T14:26:18","date_gmt":"2023-11-26T14:26:18","guid":{"rendered":"https:\/\/asvi.at\/?p=1017"},"modified":"2023-11-26T14:26:19","modified_gmt":"2023-11-26T14:26:19","slug":"jahresbericht-2023","status":"publish","type":"post","link":"https:\/\/asvi.at\/index.php\/2023\/11\/26\/jahresbericht-2023\/","title":{"rendered":"Jahresbericht 2023"},"content":{"rendered":"\n<p>Liebe Sportbegeisterte, liebe Freunde und Unterst\u00fctzer des ASVI, liebe Mitglieder,<\/p>\n\n\n\n<p>anbei findet ihr unseren aktuellen Jahresbericht zur Saison 2023. Wir w\u00fcnschen euch viel Freude beim St\u00f6bern!<\/p>\n\n\n\n<p>Euer ASVI<\/p>\n\n\n\n<div data-wp-interactive=\"core\/file\" class=\"wp-block-file\"><object data-wp-bind--hidden=\"!state.hasPdfPreview\" hidden class=\"wp-block-file__embed\" data=\"https:\/\/asvi.at\/wp-content\/uploads\/2023\/11\/Jahresbericht-ASVI-2023.pdf\" type=\"application\/pdf\" style=\"width:100%;height:600px\" aria-label=\"Einbettung von Jahresbericht-ASVI-2023.\"><\/object><a id=\"wp-block-file--media-4d0a2139-7cc7-4019-9ca2-375090e53a53\" href=\"https:\/\/asvi.at\/wp-content\/uploads\/2023\/11\/Jahresbericht-ASVI-2023.pdf\">Jahresbericht-ASVI-2023<\/a><a href=\"https:\/\/asvi.at\/wp-content\/uploads\/2023\/11\/Jahresbericht-ASVI-2023.pdf\" class=\"wp-block-file__button wp-element-button\" download aria-describedby=\"wp-block-file--media-4d0a2139-7cc7-4019-9ca2-375090e53a53\">Herunterladen<\/a><\/div>\n","protected":false},"excerpt":{"rendered":"<p>Liebe Sportbegeisterte, liebe Freunde und Unterst\u00fctzer des ASVI, liebe Mitglieder, anbei findet ihr unseren aktuellen Jahresbericht zur Saison 2023. Wir w\u00fcnschen euch viel Freude beim St\u00f6bern! Euer ASVI<\/p>\n","protected":false},"author":4,"featured_media":0,"comment_status":"open","ping_status":"closed","sticky":false,"template":"","format":"standard","meta":{"neve_meta_sidebar":"","neve_meta_container":"","neve_meta_enable_content_width":"","neve_meta_content_width":0,"neve_meta_title_alignment":"","neve_meta_author_avatar":"","neve_post_elements_order":"","neve_meta_disable_header":"","neve_meta_disable_footer":"","neve_meta_disable_title":"","footnotes":""},"categories":[2,3,5],"tags":[],"class_list":["post-1017","post","type-post","status-publish","format-standard","hentry","category-allgemein","category-leichtathletik-gymnastik","category-schi"],"featured_image_urls":{"full":"","thumbnail":"","medium":"","medium_large":"","large":"","1536x1536":"","2048x2048":"","neve-blog":""},"post_excerpt_stackable":"<p>Liebe Sportbegeisterte, liebe Freunde und Unterst\u00fctzer des ASVI, liebe Mitglieder, anbei findet ihr unseren aktuellen Jahresbericht zur Saison 2023. Wir w\u00fcnschen euch viel Freude beim St\u00f6bern! Euer ASVI Jahresbericht-ASVI-2023Herunterladen<\/p>\n","category_list":"<a href=\"https:\/\/asvi.at\/index.php\/category\/allgemein\/\" rel=\"category tag\">Allgemein<\/a>, <a href=\"https:\/\/asvi.at\/index.php\/category\/leichtathletik-gymnastik\/\" rel=\"category tag\">Leichtathletik &amp; Gymnastik<\/a>, <a href=\"https:\/\/asvi.at\/index.php\/category\/schi\/\" rel=\"category tag\">Schi<\/a>","author_info":{"name":"Birgit","url":"https:\/\/asvi.at\/index.php\/author\/birgit\/"},"comments_num":"0 comments","jetpack_sharing_enabled":true,"jetpack_featured_media_url":"","_links":{"self":[{"href":"https:\/\/asvi.at\/index.php\/wp-json\/wp\/v2\/posts\/1017","targetHints":{"allow":["GET"]}}],"collection":[{"href":"https:\/\/asvi.at\/index.php\/wp-json\/wp\/v2\/posts"}],"about":[{"href":"https:\/\/asvi.at\/index.php\/wp-json\/wp\/v2\/types\/post"}],"author":[{"embeddable":true,"href":"https:\/\/asvi.at\/index.php\/wp-json\/wp\/v2\/users\/4"}],"replies":[{"embeddable":true,"href":"https:\/\/asvi.at\/index.php\/wp-json\/wp\/v2\/comments?post=1017"}],"version-history":[{"count":1,"href":"https:\/\/asvi.at\/index.php\/wp-json\/wp\/v2\/posts\/1017\/revisions"}],"predecessor-version":[{"id":1019,"href":"https:\/\/asvi.at\/index.php\/wp-json\/wp\/v2\/posts\/1017\/revisions\/1019"}],"wp:attachment":[{"href":"https:\/\/asvi.at\/index.php\/wp-json\/wp\/v2\/media?parent=1017"}],"wp:term":[{"taxonomy":"category","embeddable":true,"href":"https:\/\/asvi.at\/index.php\/wp-json\/wp\/v2\/categories?post=1017"},{"taxonomy":"post_tag","embeddable":true,"href":"https:\/\/asvi.at\/index.php\/wp-json\/wp\/v2\/tags?post=1017"}],"curies":[{"name":"wp","href":"https:\/\/api.w.org\/{rel}","templated":true}]}}